{"id":366,"date":"2025-06-17T12:19:21","date_gmt":"2025-06-17T10:19:21","guid":{"rendered":"https:\/\/groupace.fr\/new\/?p=366"},"modified":"2025-06-23T12:24:18","modified_gmt":"2025-06-23T10:24:18","slug":"groupace-au-festival-de-lelevage-2025","status":"publish","type":"post","link":"https:\/\/groupace.fr\/new\/groupace-au-festival-de-lelevage-2025\/","title":{"rendered":"GROUPACE au Festival de l&rsquo;\u00c9levage 2025 !"},"content":{"rendered":"\n<p>\ud83d\udc04 GROUPACE au Festival de l&rsquo;\u00c9levage 2025 ! \ud83d\udc04<\/p>\n\n\n\n<p>\ud83d\udccd&nbsp;Plan d\u2019eau de Brumath<br>\ud83d\udcc5&nbsp;17 &amp; 18 mai 2025<br><br>Nous avons eu le plaisir de participation du GROUPACE \u00e0 la 43e \u00e9dition du Festival de l&rsquo;\u00c9levage \u00e0 Brumath !<br><br>Au programme : rencontres, \u00e9changes autour de l\u2019\u00e9levage, d\u00e9monstrations, animations pour petits et grands\u2026 Une belle occasion de valoriser le savoir-faire agricole de notre territoire&nbsp;\ud83c\udf3e\ud83d\udcac<\/p>\n\n\n\n<figure class=\"wp-block-image size-large\"><img fetchpriority=\"high\" decoding=\"async\" width=\"1024\" height=\"1013\" src=\"https:\/\/groupace.fr\/new\/wp-content\/uploads\/2025\/06\/unnamed-1024x1013.png\" alt=\"\" class=\"wp-image-369\" srcset=\"https:\/\/groupace.fr\/new\/wp-content\/uploads\/2025\/06\/unnamed-1024x1013.png 1024w, https:\/\/groupace.fr\/new\/wp-content\/uploads\/2025\/06\/unnamed-300x297.png 300w, https:\/\/groupace.fr\/new\/wp-content\/uploads\/2025\/06\/unnamed-768x760.png 768w, https:\/\/groupace.fr\/new\/wp-content\/uploads\/2025\/06\/unnamed.png 1140w\" sizes=\"(max-width: 1024px) 100vw, 1024px\" \/><\/figure>\n","protected":false},"excerpt":{"rendered":"<p>\ud83d\udc04 GROUPACE au Festival de l&rsquo;\u00c9levage 2025 ! \ud83d\udc04 \ud83d\udccd&nbsp;Plan d\u2019eau de Brumath\ud83d\udcc5&nbsp;17 &amp; 18 mai 2025 Nous avons eu le plaisir de participation du GROUPACE \u00e0 la 43e \u00e9dition du Festival de l&rsquo;\u00c9levage \u00e0 Brumath ! Au programme : rencontres, \u00e9changes autour de l\u2019\u00e9levage, d\u00e9monstrations, animations pour petits et grands\u2026 Une belle occasion de [&hellip;]<\/p>\n","protected":false},"author":1,"featured_media":369,"comment_status":"closed","ping_status":"open","sticky":false,"template":"","format":"standard","meta":{"inline_featured_image":false,"footnotes":""},"categories":[1],"tags":[],"class_list":["post-366","post","type-post","status-publish","format-standard","has-post-thumbnail","hentry","category-non-classe"],"_links":{"self":[{"href":"https:\/\/groupace.fr\/new\/wp-json\/wp\/v2\/posts\/366","targetHints":{"allow":["GET"]}}],"collection":[{"href":"https:\/\/groupace.fr\/new\/wp-json\/wp\/v2\/posts"}],"about":[{"href":"https:\/\/groupace.fr\/new\/wp-json\/wp\/v2\/types\/post"}],"author":[{"embeddable":true,"href":"https:\/\/groupace.fr\/new\/wp-json\/wp\/v2\/users\/1"}],"replies":[{"embeddable":true,"href":"https:\/\/groupace.fr\/new\/wp-json\/wp\/v2\/comments?post=366"}],"version-history":[{"count":2,"href":"https:\/\/groupace.fr\/new\/wp-json\/wp\/v2\/posts\/366\/revisions"}],"predecessor-version":[{"id":370,"href":"https:\/\/groupace.fr\/new\/wp-json\/wp\/v2\/posts\/366\/revisions\/370"}],"wp:featuredmedia":[{"embeddable":true,"href":"https:\/\/groupace.fr\/new\/wp-json\/wp\/v2\/media\/369"}],"wp:attachment":[{"href":"https:\/\/groupace.fr\/new\/wp-json\/wp\/v2\/media?parent=366"}],"wp:term":[{"taxonomy":"category","embeddable":true,"href":"https:\/\/groupace.fr\/new\/wp-json\/wp\/v2\/categories?post=366"},{"taxonomy":"post_tag","embeddable":true,"href":"https:\/\/groupace.fr\/new\/wp-json\/wp\/v2\/tags?post=366"}],"curies":[{"name":"wp","href":"https:\/\/api.w.org\/{rel}","templated":true}]}}